{"id":9668,"date":"2026-04-27T05:36:00","date_gmt":"2026-04-27T05:36:00","guid":{"rendered":"https:\/\/kuopranbot.si\/?p=9668"},"modified":"2026-02-20T10:35:07","modified_gmt":"2026-02-20T10:35:07","slug":"fasisticna-zapuscina","status":"publish","type":"post","link":"https:\/\/kuopranbot.si\/?p=9668","title":{"rendered":"Fa\u0161isti\u010dna zapu\u0161\u010dina"},"content":{"rendered":"\n<p>Ker je veliko Kopr\u010danov in Kopr\u010dank, mlaj\u0161e generacije, ki poznajo svojo zgodovino bolj povr\u0161no, prepri\u010danih, da je podobo mesta na otoku preoblikovala izklju\u010dno oblast po 2. svetovni vojni, povejmo, da ni popolnoma tako. O tej temi sva z Borisom, \u017ee ve\u010dkrat pisala, a dodajmo \u0161e nekaj podatkov in misli. Pogled na mesto z nekdanje Semedelske ceste, danes priljubljenega sprehajali\u0161\u010da, je na\u010drtovala fa\u0161isti\u010dna oblast v tridesetih letih prej\u0161njega stoletja. Na\u010drt fa\u0161isti\u010dne osnovne \u0161ole poimenovane po Ani Sauro, materi italijanskega nacionalista Nazaria Saura, ki je celo slovenskim mlekaricam namerno polival mleko in zasmehoval vse kar je bilo slovenskega (po njegovem pa\u010d manjvredna rasa), je narisal in\u017eenir Giovanni Maier. Simulacijo kako naj bi zgledala bodo\u010da \u0161ola vidimo na 4. prilo\u017eeni sliki. <\/p>\n\n\n<div class=\"wp-block-image\">\n<figure class=\"aligncenter size-full\"><a href=\"https:\/\/kuopranbot.si\/wp-content\/uploads\/2026\/04\/Fasisticna-zapuscina-1-A-hise-ki-jih-ni-vec_1938.png\" rel=\"lightbox[9668]\"><img loading=\"lazy\" decoding=\"async\" width=\"2100\" height=\"1098\" src=\"https:\/\/kuopranbot.si\/wp-content\/uploads\/2026\/04\/Fasisticna-zapuscina-1-A-hise-ki-jih-ni-vec_1938.png\" alt=\"1939\" class=\"wp-image-9683\" srcset=\"https:\/\/kuopranbot.si\/wp-content\/uploads\/2026\/04\/Fasisticna-zapuscina-1-A-hise-ki-jih-ni-vec_1938.png 2100w, https:\/\/kuopranbot.si\/wp-content\/uploads\/2026\/04\/Fasisticna-zapuscina-1-A-hise-ki-jih-ni-vec_1938-300x157.png 300w, https:\/\/kuopranbot.si\/wp-content\/uploads\/2026\/04\/Fasisticna-zapuscina-1-A-hise-ki-jih-ni-vec_1938-1024x535.png 1024w, https:\/\/kuopranbot.si\/wp-content\/uploads\/2026\/04\/Fasisticna-zapuscina-1-A-hise-ki-jih-ni-vec_1938-768x402.png 768w, https:\/\/kuopranbot.si\/wp-content\/uploads\/2026\/04\/Fasisticna-zapuscina-1-A-hise-ki-jih-ni-vec_1938-1536x803.png 1536w, https:\/\/kuopranbot.si\/wp-content\/uploads\/2026\/04\/Fasisticna-zapuscina-1-A-hise-ki-jih-ni-vec_1938-2048x1071.png 2048w\" sizes=\"auto, (max-width: 2100px) 100vw, 2100px\" \/><\/a><figcaption class=\"wp-element-caption\">Cela vrsta hi\u0161 skupaj z ulicami, ki jih ni ve\u010d. Restavrirana in pobarvana zbledela fotografija okoli leta 1938<\/figcaption><\/figure>\n<\/div>\n\n\n<p>Jo\u017eef Kobolj slovenski fa\u0161ist, sin slovenskega u\u010ditelja Nikolaja Kobolja, ki je leta 1928 slovensko ime spremenil v Giuseppe Coboli, je bil 11. junija 1939, ko so za\u010deli ru\u0161iti cel predel mesta, fa\u0161isti\u010dni minister za javna dela, s poletno vilo v \u017dusterni. Zadal je prvi udarec ob za\u010detku ru\u0161enja in na mestu, kjer so bile prej hi\u0161e in ulice, skupaj z legendarno ulico Starega gledali\u0161\u010da (Calle del Teatro Vecchio). Po ru\u0161enju je bil spremenjen velik del mesta in za\u010dela je rasti bodo\u010da \u0161ola Ane Sauro, ki zaradi vojne ni bila nikoli dokon\u010dana. Zgradili so le ogrodje osrednjega dela, ki ga je povojna oblast preuredila v hotel Triglav in v vzhodnem delu pritli\u010dja v veleblagovnico Omnia. Da bi bil izgled podoben na\u010drtu fa\u0161isti\u010dnega in\u017eenirja in vizije tega dela mesta, so kasneje zgradili stanovanjski blok, kjer je \u0161e danes v pritli\u010dju Triglavska sla\u0161\u010di\u010darna, torej podobno, kot vzhodno krilo na\u010drtovane \u0161ole. Da bi bila vizija fa\u0161isti\u010dnega re\u017eima popolna je manjkalo samo \u0161e zahodno krilo na\u010drtovane \u0161ole. Tega so zgradili nekje med leti 1959 &#8211; 1960. Zahodno krilo hotela Triglav v gradnji lahko vidimo na 3. sliki, ki je iz istega obdobja. Zgoraj so bile sobe hotela, v pritli\u010dju pa priljubljena Steklena dvorana (tudi Kristalna dvorana), kjer je bila velika restavracija in prostor za prireditve. cela generacija Kopr\u010danov je v tej dvorani preplesala marsikatero soboto ali nedeljo. Steklene dvorane sicer ni ve\u010d, ker so sedaj v pritli\u010dju stavbe bari\u010di in trgovine. <\/p>\n\n\n<div class=\"wp-block-image\">\n<figure class=\"aligncenter size-large\"><a href=\"https:\/\/kuopranbot.si\/wp-content\/uploads\/2026\/01\/Fasisticna-zapuscina-3-Tverna-gradnja-zah-hotela_1959-1960.png\" rel=\"lightbox[9668]\"><img loading=\"lazy\" decoding=\"async\" width=\"1024\" height=\"640\" src=\"https:\/\/kuopranbot.si\/wp-content\/uploads\/2026\/01\/Fasisticna-zapuscina-3-Tverna-gradnja-zah-hotela_1959-1960-1024x640.png\" alt=\"zahodni krak hotela\" class=\"wp-image-9671\" srcset=\"https:\/\/kuopranbot.si\/wp-content\/uploads\/2026\/01\/Fasisticna-zapuscina-3-Tverna-gradnja-zah-hotela_1959-1960-1024x640.png 1024w, https:\/\/kuopranbot.si\/wp-content\/uploads\/2026\/01\/Fasisticna-zapuscina-3-Tverna-gradnja-zah-hotela_1959-1960-300x187.png 300w, https:\/\/kuopranbot.si\/wp-content\/uploads\/2026\/01\/Fasisticna-zapuscina-3-Tverna-gradnja-zah-hotela_1959-1960-768x480.png 768w, https:\/\/kuopranbot.si\/wp-content\/uploads\/2026\/01\/Fasisticna-zapuscina-3-Tverna-gradnja-zah-hotela_1959-1960-1536x960.png 1536w, https:\/\/kuopranbot.si\/wp-content\/uploads\/2026\/01\/Fasisticna-zapuscina-3-Tverna-gradnja-zah-hotela_1959-1960-2048x1280.png 2048w\" sizes=\"auto, (max-width: 1024px) 100vw, 1024px\" \/><\/a><figcaption class=\"wp-element-caption\">Taverna z gostilno in na desni strani slike viden zahodni krak hotela Triglav v gradnji. Restavrirana in pobarvana stara fotografija med leti 1959 in 1960<\/figcaption><\/figure>\n<\/div>\n\n\n<p>Kakorkoli \u017ee pogled na mesto s Semedelskega sprehajali\u0161\u010da (nekdanje Semedelske ceste) je \u0161e vedno podoben fa\u0161isti\u010dni viziji in\u017eenirja Giovannija Maierja. Zato lahko izgled tega dela mesta upravi\u010deno imenujemo fa\u0161isti\u010dna zapu\u0161\u010dina. S primerjavo dana\u0161njega izgleda in simulacije na 3. sliki, kako naj bi izgledal dokon\u010dan projekt fa\u0161isti\u010dne \u0161ole, opazimo veliko podobnosti.<\/p>\n\n\n\n<p>Foto galerija<\/p>\n\n\n\n<hr class=\"wp-block-separator aligncenter has-alpha-channel-opacity\"\/>\n\n\n<div id=\"grid-gallery-311-61311\" data-gg-id=\"311\" data-title=\"Fa\u0161isti\u010dna zapu\u0161\u010dina ulica, ki je ni ve\u010d\" data-grid-type=\"1\" data-offset=\"5.3\" data-area-position=\"center\" data-icons=\"false\" data-preloader=\"true\" data-width=\"215\" data-height=\"\" data-padding=\"0\" data-quicksand=\"disabled\" data-quicksand-duration=\"none\" data-popup-theme=\"theme_6\" data-popup-type=\"pretty-photo\" data-popup-image-text=\"data-description\" data-popup-widthsize=\"auto\" data-popup-heightsize=\"auto\" data-popup-i18n-words=\"{&quot;close&quot;:&quot;zapri&quot;,&quot;next&quot;:&quot;naprej&quot;,&quot;previous&quot;:&quot;prej\\u0161nja&quot;,&quot;start_slideshow&quot;:&quot;za\\u010dni slideshow&quot;,&quot;stop_slideshow&quot;:&quot;ustavi slideshow&quot;,&quot;image&quot;:&quot;slika&quot;,&quot;of&quot;:&quot;izklop&quot;,&quot;prev&quot;:&quot;nazaj&quot;,&quot;cExpand&quot;:&quot;Expand&quot;,&quot;cPrevious&quot;:&quot;Prej\\u0161nja&quot;,&quot;cNext&quot;:&quot;Naprej&quot;,&quot;cExpandStr&quot;:&quot;Expand the image&quot;,&quot;cRotate&quot;:&quot;Zavrti&quot;,&quot;cDetails&quot;:&quot;Details&quot;}\" data-popup-slideshow=\"false\" data-popup-slideshow-speed=\"2500\" data-popup-hoverstop=\"true\" data-popup-slideshow-auto=\"false\" data-popup-background=\"\" data-popup-transparency=\"30\" data-popup-disable-history=\"\" data-popup-disable-changed-url=\"\" data-popup-border-type=\"solid\" data-popup-border-color=\"\" data-popup-border-width=\"\" data-popup-border-enable=\"\" data-fullscreen=\"false\" data-hide-tooltip=\"false\" data-caption-font-family=\"Default\" data-caption-text-size=\"140\" data-is-mobile=\"0\" data-caption-mobile=\"false\" data-hide-long-tltp-title=\"0\" data-caption-disabled-on-mobile=\"false\" data-polaroid-animation=\"true\" data-polaroid-scattering=\"true\" data-polaroid-frame-width=\"5\" data-popup-placement-type=\"0\" data-social-sharing=\"{&quot;enabled&quot;:&quot;&quot;,&quot;gallerySharing&quot;:{&quot;enabled&quot;:null,&quot;position&quot;:null},&quot;imageSharing&quot;:{&quot;enabled&quot;:null,&quot;wrapperClass&quot;:&quot; vertical &quot;},&quot;popupSharing&quot;:{&quot;enabled&quot;:null,&quot;wrapperClass&quot;:&quot; vertical &quot;}}\" class=\"grid-gallery grid-gallery-fluid-height \" style=\" width:100%; height:auto; margin-left:auto; margin-right:auto;position:relative;\"> <div class=\"gallery-loading\"> <div class=\"blocks\"> <div class=\"block\"><\/div> <div class=\"block\"><\/div> <div class=\"block\"><\/div> <div class=\"block\"><\/div> <\/div> <\/div> <div class=\"gallery-sharing-top\"><\/div> <div id=\"photos-311\" class=\"grid-gallery-photos\"><a id=\"gg-311-1585\" class=\"gg-link \" data-attachment-id=\"9669\" href=\"https:\/\/kuopranbot.si\/wp-content\/uploads\/2026\/01\/Fasisticna-zapuscina-1-hise-ki-jih-ni-vec_1938.png?gid=311\" target=\"_self\" title=\"Cela vrsta hi\u0161 skupaj z ulicami, ki jih ni ve\u010d. Restavrirana in pobarvana zbledela fotografija okoli leta 1938\" data-rel=\"prettyPhoto[pp_gal]\" style=\"border-radius:00;\"  rel=\"lightbox[9668]\"><FIGURE class=\"grid-gallery-caption\" data-grid-gallery-type=\"polaroid\" data-index=\"0\" style=\"display:none;border-radius:00; box-shadow:0px 4px 15px #000000;; margin:5.3px; width:2150;\" ><div class=\"crop\" style=\"\"><img decoding=\"async\" src=\"https:\/\/kuopranbot.si\/wp-content\/uploads\/2026\/01\/Fasisticna-zapuscina-1-hise-ki-jih-ni-vec_1938-215x112.png\" class=\"ggImg\" alt=\"hi\u0161e, ki jih ni ve\u010d\" title=\"Cela vrsta hi\u0161 skupaj z ulicami, ki jih ni ve\u010d. Restavrirana in pobarvana zbledela fotografija okoli leta 1938\" data-description=\"Cela vrsta hi\u0161 skupaj z ulicami, ki jih ni ve\u010d. Restavrirana in pobarvana zbledela fotografija okoli leta 1938\" data-caption=\"Cela vrsta hi\u0161 skupaj z ulicami, ki jih ni ve\u010d. Restavrirana in pobarvana zbledela fotografija okoli leta 1938\" data-title=\"Fa\u0161isti\u010dna-zapu\u0161\u010dina-1-hi\u0161e-ki-jih-ni-ve\u010d_1938\" style=\" width:215px;\" \/><\/div><FIGCAPTION class=\"\" data-alpha=\"1\" style=\"color:#000000; background-color:#dbcda8; font-size:140; text-align:left; font-family:Default;\" ><div class=\"grid-gallery-figcaption-wrap\" style=\" vertical-align:top;\"><div class=\"gg-image-caption fitvidsignore\" style=\"font-size:140;\"><object type=\"none\/none\">Cela vrsta hi\u0161 skupaj z ulicami, ki jih ni ve\u010d. Restavrirana in pobarvana zbledela fotografija okoli leta 1938 <\/object><\/div><\/div><\/FIGCAPTION><\/FIGURE><\/a><a id=\"gg-311-1586\" class=\"gg-link \" data-attachment-id=\"9670\" href=\"https:\/\/kuopranbot.si\/wp-content\/uploads\/2026\/01\/Fasisticna-zapuscina-2-ulica-ki-je-ni-vec_1938.png?gid=311\" target=\"_self\" title=\"Ulica Starega gledali\u0161\u010da (calle del Teatro Vecchio), ki je ni ve\u010d. fotografija okoli leta 1938 izostrena in pobarvana.\" data-rel=\"prettyPhoto[pp_gal]\" style=\"border-radius:00;\"  rel=\"lightbox[9668]\"><FIGURE class=\"grid-gallery-caption\" data-grid-gallery-type=\"polaroid\" data-index=\"1\" style=\"display:none;border-radius:00; box-shadow:0px 4px 15px #000000;; margin:5.3px; width:2150;\" ><div class=\"crop\" style=\"\"><img decoding=\"async\" src=\"https:\/\/kuopranbot.si\/wp-content\/uploads\/2026\/01\/Fasisticna-zapuscina-2-ulica-ki-je-ni-vec_1938-215x295.png\" class=\"ggImg\" alt=\"ulica starega gledali\u0161\u010da\" title=\"Ulica Starega gledali\u0161\u010da (calle del Teatro Vecchio), ki je ni ve\u010d. fotografija okoli leta 1938 izostrena in pobarvana.\" data-description=\"Ulica Starega gledali\u0161\u010da (calle del Teatro Vecchio), ki je ni ve\u010d. fotografija okoli leta 1938 izostrena in pobarvana.\" data-caption=\"Ulica Starega gledali\u0161\u010da (calle del Teatro Vecchio), ki je ni ve\u010d. fotografija okoli leta 1938 izostrena in pobarvana.\" data-title=\"Fa\u0161isti\u010dna-zapu\u0161\u010dina-2-ulica-ki-je-ni-ve\u010d_1938\" style=\" width:215px;\" \/><\/div><FIGCAPTION class=\"\" data-alpha=\"1\" style=\"color:#000000; background-color:#dbcda8; font-size:140; text-align:left; font-family:Default;\" ><div class=\"grid-gallery-figcaption-wrap\" style=\" vertical-align:top;\"><div class=\"gg-image-caption fitvidsignore\" style=\"font-size:140;\"><object type=\"none\/none\">Ulica Starega gledali\u0161\u010da (calle del Teatro Vecchio), ki je ni ve\u010d. fotografija okoli leta 1938 izostrena in pobarvana. <\/object><\/div><\/div><\/FIGCAPTION><\/FIGURE><\/a><a id=\"gg-311-1587\" class=\"gg-link \" data-attachment-id=\"9671\" href=\"https:\/\/kuopranbot.si\/wp-content\/uploads\/2026\/01\/Fasisticna-zapuscina-3-Tverna-gradnja-zah-hotela_1959-1960.png?gid=311\" target=\"_self\" title=\"Taverna z gostilno in na desni strani slike viden zahodni krak hotela Triglav v gradnji. Restavrirana in pobarvana stara fotografija med leti 1959 in 1960\" data-rel=\"prettyPhoto[pp_gal]\" style=\"border-radius:00;\"  rel=\"lightbox[9668]\"><FIGURE class=\"grid-gallery-caption\" data-grid-gallery-type=\"polaroid\" data-index=\"2\" style=\"display:none;border-radius:00; box-shadow:0px 4px 15px #000000;; margin:5.3px; width:2150;\" ><div class=\"crop\" style=\"\"><img decoding=\"async\" src=\"https:\/\/kuopranbot.si\/wp-content\/uploads\/2026\/01\/Fasisticna-zapuscina-3-Tverna-gradnja-zah-hotela_1959-1960-215x134.png\" class=\"ggImg\" alt=\"zahodni krak hotela\" title=\"Taverna z gostilno in na desni strani slike viden zahodni krak hotela Triglav v gradnji. Restavrirana in pobarvana stara fotografija med leti 1959 in 1960\" data-description=\"Taverna z gostilno in na desni strani slike viden zahodni krak hotela Triglav v gradnji. Restavrirana in pobarvana stara fotografija med leti 1959 in 1960\" data-caption=\"Taverna z gostilno in na desni strani slike viden zahodni krak hotela Triglav v gradnji. Restavrirana in pobarvana stara fotografija med leti 1959 in 1960\" data-title=\"Fa\u0161isti\u010dna-zapu\u0161\u010dina-3-Tverna-gradnja-zah-hotela_1959-1960\" style=\" width:215px;\" \/><\/div><FIGCAPTION class=\"\" data-alpha=\"1\" style=\"color:#000000; background-color:#dbcda8; font-size:140; text-align:left; font-family:Default;\" ><div class=\"grid-gallery-figcaption-wrap\" style=\" vertical-align:top;\"><div class=\"gg-image-caption fitvidsignore\" style=\"font-size:140;\"><object type=\"none\/none\">Taverna z gostilno in na desni strani slike viden zahodni krak hotela Triglav v gradnji. Restavrirana in pobarvana stara fotografija med leti 1959 in 1960 <\/object><\/div><\/div><\/FIGCAPTION><\/FIGURE><\/a><a id=\"gg-311-1588\" class=\"gg-link \" data-attachment-id=\"9672\" href=\"https:\/\/kuopranbot.si\/wp-content\/uploads\/2026\/01\/Fasisticna-zapuscina-4-simulacija-izgleda-sole-ane-sauro_1939.png?gid=311\" target=\"_self\" title=\"Simulacija, kako naj bi zgledal projekt fa\u0161isti\u010dne \u0161ole Ane Sauro, ko bi bil dokon\u010dan.\" data-rel=\"prettyPhoto[pp_gal]\" style=\"border-radius:00;\"  rel=\"lightbox[9668]\"><FIGURE class=\"grid-gallery-caption\" data-grid-gallery-type=\"polaroid\" data-index=\"3\" style=\"display:none;border-radius:00; box-shadow:0px 4px 15px #000000;; margin:5.3px; width:2150;\" ><div class=\"crop\" style=\"\"><img decoding=\"async\" src=\"https:\/\/kuopranbot.si\/wp-content\/uploads\/2026\/01\/Fasisticna-zapuscina-4-simulacija-izgleda-sole-ane-sauro_1939-215x84.png\" class=\"ggImg\" alt=\"projekt \u0161ole\" title=\"Simulacija, kako naj bi zgledal projekt fa\u0161isti\u010dne \u0161ole Ane Sauro, ko bi bil dokon\u010dan.\" data-description=\"Simulacija, kako naj bi zgledal projekt fa\u0161isti\u010dne \u0161ole Ane Sauro, ko bi bil dokon\u010dan.\" data-caption=\"Simulacija, kako naj bi zgledal projekt fa\u0161isti\u010dne \u0161ole Ane Sauro, ko bi bil dokon\u010dan.\" data-title=\"Fa\u0161isti\u010dna-zapu\u0161\u010dina-4-simulacija-izgleda-\u0161ole-ane-sauro_1939\" style=\" width:215px;\" \/><\/div><FIGCAPTION class=\"\" data-alpha=\"1\" style=\"color:#000000; background-color:#dbcda8; font-size:140; text-align:left; font-family:Default;\" ><div class=\"grid-gallery-figcaption-wrap\" style=\" vertical-align:top;\"><div class=\"gg-image-caption fitvidsignore\" style=\"font-size:140;\"><object type=\"none\/none\">Simulacija, kako naj bi zgledal projekt fa\u0161isti\u010dne \u0161ole Ane Sauro, ko bi bil dokon\u010dan. <\/object><\/div><\/div><\/FIGCAPTION><\/FIGURE><\/a><a id=\"gg-311-1589\" class=\"gg-link \" data-attachment-id=\"9673\" href=\"https:\/\/kuopranbot.si\/wp-content\/uploads\/2026\/01\/Fasisticna-zapuscina-5-KOPER-TRIGLAV-PROJEKT-GIOVANNI-MAIER_1939.png?gid=311\" target=\"_self\" title=\"Na\u010drt osnovne \u0161ole Ane Sauro, ki ga je pripravil in\u017eenir Giovanni Maier.\" data-rel=\"prettyPhoto[pp_gal]\" style=\"border-radius:00;\"  rel=\"lightbox[9668]\"><FIGURE class=\"grid-gallery-caption\" data-grid-gallery-type=\"polaroid\" data-index=\"4\" style=\"display:none;border-radius:00; box-shadow:0px 4px 15px #000000;; margin:5.3px; width:2150;\" ><div class=\"crop\" style=\"\"><img decoding=\"async\" src=\"https:\/\/kuopranbot.si\/wp-content\/uploads\/2026\/01\/Fasisticna-zapuscina-5-KOPER-TRIGLAV-PROJEKT-GIOVANNI-MAIER_1939-215x139.png\" class=\"ggImg\" alt=\"na\u010drt \u0161ole\" title=\"Na\u010drt osnovne \u0161ole Ane Sauro, ki ga je pripravil in\u017eenir Giovanni Maier.\" data-description=\"Na\u010drt osnovne \u0161ole Ane Sauro, ki ga je pripravil in\u017eenir Giovanni Maier.\" data-caption=\"Na\u010drt osnovne \u0161ole Ane Sauro, ki ga je pripravil in\u017eenir Giovanni Maier.\" data-title=\"Fa\u0161isti\u010dna-zapu\u0161\u010dina-5-KOPER-TRIGLAV-PROJEKT GIOVANNI MAIER_1939\" style=\" width:215px;\" \/><\/div><FIGCAPTION class=\"\" data-alpha=\"1\" style=\"color:#000000; background-color:#dbcda8; font-size:140; text-align:left; font-family:Default;\" ><div class=\"grid-gallery-figcaption-wrap\" style=\" vertical-align:top;\"><div class=\"gg-image-caption fitvidsignore\" style=\"font-size:140;\"><object type=\"none\/none\">Na\u010drt osnovne \u0161ole Ane Sauro, ki ga je pripravil in\u017eenir Giovanni Maier. <\/object><\/div><\/div><\/FIGCAPTION><\/FIGURE><\/a> <div class=\"grid-gallery-clearfix\"><\/div> <\/div> <div class=\"gallery-sharing-bottom\"><\/div> <div class=\"grid-gallery-clearfix\"><\/div> <\/div> <!-- Gallery by Supsystic plugin1.15.17 --><a title=\"Gallery Wordpress\" style=\"display:none;\" href=\"https:\/\/supsystic.com\/plugins\/photo-gallery\/?utm_medium=love_link\" target=\"_blank\">Gallery Wordpress<\/a>\n\n\n\n<p><\/p>\n","protected":false},"excerpt":{"rendered":"<p>Ker je veliko Kopr\u010danov in Kopr\u010dank, mlaj\u0161e generacije, ki poznajo svojo zgodovino bolj povr\u0161no, prepri\u010danih, da je podobo mesta na otoku preoblikovala izklju\u010dno oblast po 2. svetovni vojni, povejmo, da ni popolnoma tako. O tej temi sva z Borisom, \u017ee ve\u010dkrat pisala, a dodajmo \u0161e nekaj podatkov in misli. Pogled na mesto z nekdanje Semedelske [&hellip;]<\/p>\n","protected":false},"author":2,"featured_media":9669,"comment_status":"open","ping_status":"closed","sticky":false,"template":"","format":"standard","meta":{"_monsterinsights_skip_tracking":false,"_monsterinsights_sitenote_active":false,"_monsterinsights_sitenote_note":"","_monsterinsights_sitenote_category":0,"footnotes":""},"categories":[193,134],"tags":[1402,9,710,4115,103,8,1956,4095,4114],"class_list":["post-9668","post","type-post","status-publish","format-standard","has-post-thumbnail","hentry","category-oblastindruzba","category-trgi-in-ulice","tag-1402","tag-capodistria","tag-coboli-gigli","tag-giovanni-maier","tag-istra","tag-koper","tag-porto","tag-pristaniski-trg","tag-steklena-dvorana"],"aioseo_notices":[],"_links":{"self":[{"href":"https:\/\/kuopranbot.si\/index.php?rest_route=\/wp\/v2\/posts\/9668","targetHints":{"allow":["GET"]}}],"collection":[{"href":"https:\/\/kuopranbot.si\/index.php?rest_route=\/wp\/v2\/posts"}],"about":[{"href":"https:\/\/kuopranbot.si\/index.php?rest_route=\/wp\/v2\/types\/post"}],"author":[{"embeddable":true,"href":"https:\/\/kuopranbot.si\/index.php?rest_route=\/wp\/v2\/users\/2"}],"replies":[{"embeddable":true,"href":"https:\/\/kuopranbot.si\/index.php?rest_route=%2Fwp%2Fv2%2Fcomments&post=9668"}],"version-history":[{"count":7,"href":"https:\/\/kuopranbot.si\/index.php?rest_route=\/wp\/v2\/posts\/9668\/revisions"}],"predecessor-version":[{"id":9686,"href":"https:\/\/kuopranbot.si\/index.php?rest_route=\/wp\/v2\/posts\/9668\/revisions\/9686"}],"wp:featuredmedia":[{"embeddable":true,"href":"https:\/\/kuopranbot.si\/index.php?rest_route=\/wp\/v2\/media\/9669"}],"wp:attachment":[{"href":"https:\/\/kuopranbot.si\/index.php?rest_route=%2Fwp%2Fv2%2Fmedia&parent=9668"}],"wp:term":[{"taxonomy":"category","embeddable":true,"href":"https:\/\/kuopranbot.si\/index.php?rest_route=%2Fwp%2Fv2%2Fcategories&post=9668"},{"taxonomy":"post_tag","embeddable":true,"href":"https:\/\/kuopranbot.si\/index.php?rest_route=%2Fwp%2Fv2%2Ftags&post=9668"}],"curies":[{"name":"wp","href":"https:\/\/api.w.org\/{rel}","templated":true}]}}