{"id":2296,"date":"2024-03-30T07:37:00","date_gmt":"2024-03-30T07:37:00","guid":{"rendered":"https:\/\/kuopranbot.si\/?p=2296"},"modified":"2024-03-26T15:38:49","modified_gmt":"2024-03-26T15:38:49","slug":"semedelski-dvorec","status":"publish","type":"post","link":"https:\/\/kuopranbot.si\/?p=2296","title":{"rendered":"Semedelski dvorec"},"content":{"rendered":"<div class=\"wp-block-image\">\n<figure data-wp-context=\"{&quot;imageId&quot;:&quot;6a9bc0743e42d&quot;}\" data-wp-interactive=\"core\/image\" data-wp-key=\"6a9bc0743e42d\" class=\"alignleft size-large is-resized wp-lightbox-container\"><img loading=\"lazy\" decoding=\"async\" width=\"977\" height=\"1024\" data-wp-class--hide=\"state.isContentHidden\" data-wp-class--show=\"state.isContentVisible\" data-wp-init=\"callbacks.setButtonStyles\" data-wp-on--click=\"actions.showLightbox\" data-wp-on--load=\"callbacks.setButtonStyles\" data-wp-on-window--resize=\"callbacks.setButtonStyles\" src=\"https:\/\/kuopranbot.si\/wp-content\/uploads\/2024\/03\/Boris-dvorec-Dokoncan-dvorec-1938-40-977x1024.jpg\" alt=\"semedelski dvorwc\" class=\"wp-image-2289\" style=\"width:467px;height:auto\" srcset=\"https:\/\/kuopranbot.si\/wp-content\/uploads\/2024\/03\/Boris-dvorec-Dokoncan-dvorec-1938-40-977x1024.jpg 977w, https:\/\/kuopranbot.si\/wp-content\/uploads\/2024\/03\/Boris-dvorec-Dokoncan-dvorec-1938-40-286x300.jpg 286w, https:\/\/kuopranbot.si\/wp-content\/uploads\/2024\/03\/Boris-dvorec-Dokoncan-dvorec-1938-40-768x805.jpg 768w, https:\/\/kuopranbot.si\/wp-content\/uploads\/2024\/03\/Boris-dvorec-Dokoncan-dvorec-1938-40-1024x1073.jpg 1024w, https:\/\/kuopranbot.si\/wp-content\/uploads\/2024\/03\/Boris-dvorec-Dokoncan-dvorec-1938-40-24x24.jpg 24w, https:\/\/kuopranbot.si\/wp-content\/uploads\/2024\/03\/Boris-dvorec-Dokoncan-dvorec-1938-40.jpg 1082w\" sizes=\"auto, (max-width: 977px) 100vw, 977px\" \/><button\n\t\t\tclass=\"lightbox-trigger\"\n\t\t\ttype=\"button\"\n\t\t\taria-haspopup=\"dialog\"\n\t\t\taria-label=\"Pove\u010daj\"\n\t\t\tdata-wp-init=\"callbacks.initTriggerButton\"\n\t\t\tdata-wp-on--click=\"actions.showLightbox\"\n\t\t\tdata-wp-style--right=\"state.imageButtonRight\"\n\t\t\tdata-wp-style--top=\"state.imageButtonTop\"\n\t\t>\n\t\t\t<svg xmlns=\"http:\/\/www.w3.org\/2000\/svg\" width=\"12\" height=\"12\" fill=\"none\" viewBox=\"0 0 12 12\">\n\t\t\t\t<path fill=\"#fff\" d=\"M2 0a2 2 0 0 0-2 2v2h1.5V2a.5.5 0 0 1 .5-.5h2V0H2Zm2 10.5H2a.5.5 0 0 1-.5-.5V8H0v2a2 2 0 0 0 2 2h2v-1.5ZM8 12v-1.5h2a.5.5 0 0 0 .5-.5V8H12v2a2 2 0 0 1-2 2H8Zm2-12a2 2 0 0 1 2 2v2h-1.5V2a.5.5 0 0 0-.5-.5H8V0h2Z\" \/>\n\t\t\t<\/svg>\n\t\t<\/button><figcaption class=\"wp-element-caption\">Dokon\u010dan dvorec leta 1938-1940<\/figcaption><\/figure>\n<\/div>\n\n\n<p>Sicer se nisem spu\u0161\u010dal v definicije besed grad, dvorec ali celo ka\u0161telet kot so mu pravili pred vojno, ampak mislim da pode\u017eelski dvorec \u0161e najbolj izra\u017ea podobo in namen te zgradbe. O njem smo \u017ee pisali a mi je pri\u0161la pod roke lepa razglednica iz konca 19. stoletja, kjer ta dvorec kraljuje samoten na samem robu semedelskega gri\u010da. Tudi pod njim \u0161e ni \u017eeleznice, jadrnice so privezane na takratni pomol pred hotelom Miralonda, kasnej\u0161a Venezia in jadra so najbr\u017e dodana, kot je bila takrat navada avtorjev razglednic, da malo popestrijo motiv.<\/p>\n\n\n\n<p>Glede na to da na raznih straneh berem neke neumnosti o srednjeve\u0161kem gradu, bom ponovil sicer \u017ee znana dejstva. Dvorec je dal leta 1885 zgraditi doktor Pio iz dru\u017eine Gravisi, po obiskih podobnih dvorcev v okolici Torina, kot zato\u010di\u0161\u010de (pred \u017eenami?) zase in za svoje prijatelje. Kasneje je lastni\u0161tvo pre\u0161lo na nekega tr\u017ea\u0161kega zlatarja in leta 1931 ga je kupil in\u017eenir Fonda, tisti, ki je bil tehni\u010dni direktor v novoustanovljeni ladjedelnici ISTRIA. On je dvorec leta 1936 pove\u010dal in dal restavrirati tudi stari del, vse opremljeno z z deli koprskih slikarjev Troy in Zamarin. Po vojni je bil dvorec nekaj let zapu\u0161\u010den, kasneje pa so bila notri stanovanja. &#8220;Propada ga je re\u0161il&#8221; koprski podjetnik Nemec, tako da ga je podrl in zgradil na novo. Pravijo da je tudi notranjost uredil &#8220;kot anbot&#8221;. Na treh slikah vidimo dvorec najve\u010d 15 let po zgraditvi, med \u0161iritvijo leta 1936 in v kon\u010dni podobi po letu 1938.<\/p>\n\n\n\n<p>Foto album<\/p>\n\n\n<div id=\"grid-gallery-87-32924\" data-gg-id=\"87\" data-title=\"Semedelski dvorec grad\" data-grid-type=\"2\" data-offset=\"5.3\" data-area-position=\"center\" data-icons=\"false\" data-preloader=\"true\" data-width=\"auto\" data-height=\"215\" data-padding=\"0\" data-quicksand=\"disabled\" data-quicksand-duration=\"none\" data-popup-theme=\"theme_6\" data-popup-type=\"pretty-photo\" data-popup-image-text=\"data-caption\" data-popup-widthsize=\"auto\" data-popup-heightsize=\"auto\" data-popup-i18n-words=\"{&quot;close&quot;:&quot;zapri&quot;,&quot;next&quot;:&quot;naprej&quot;,&quot;previous&quot;:&quot;prej\\u0161nja&quot;,&quot;start_slideshow&quot;:&quot;za\\u010dni slideshow&quot;,&quot;stop_slideshow&quot;:&quot;ustavi slideshow&quot;,&quot;image&quot;:&quot;slika&quot;,&quot;of&quot;:&quot;izklop&quot;,&quot;prev&quot;:&quot;nazaj&quot;,&quot;cExpand&quot;:&quot;Expand&quot;,&quot;cPrevious&quot;:&quot;Prej\\u0161nja&quot;,&quot;cNext&quot;:&quot;Naprej&quot;,&quot;cExpandStr&quot;:&quot;Expand the image&quot;,&quot;cRotate&quot;:&quot;Zavrti&quot;,&quot;cDetails&quot;:&quot;Details&quot;}\" data-popup-slideshow=\"false\" data-popup-slideshow-speed=\"2500\" data-popup-hoverstop=\"true\" data-popup-slideshow-auto=\"false\" data-popup-background=\"\" data-popup-transparency=\"30\" data-popup-disable-history=\"\" data-popup-disable-changed-url=\"\" data-popup-border-type=\"solid\" data-popup-border-color=\"\" data-popup-border-width=\"\" data-popup-border-enable=\"\" data-fullscreen=\"false\" data-hide-tooltip=\"false\" data-caption-font-family=\"Default\" data-caption-text-size=\"140\" data-is-mobile=\"0\" data-caption-mobile=\"false\" data-hide-long-tltp-title=\"0\" data-caption-disabled-on-mobile=\"false\" data-popup-placement-type=\"0\" data-social-sharing=\"{&quot;enabled&quot;:&quot;&quot;,&quot;gallerySharing&quot;:{&quot;enabled&quot;:null,&quot;position&quot;:null},&quot;imageSharing&quot;:{&quot;enabled&quot;:null,&quot;wrapperClass&quot;:&quot; vertical &quot;},&quot;popupSharing&quot;:{&quot;enabled&quot;:null,&quot;wrapperClass&quot;:&quot; vertical &quot;}}\" class=\"grid-gallery grid-gallery-fixed \" style=\" width:100%; height:auto; margin-left:auto; margin-right:auto;position:relative;\"> <div class=\"gallery-loading\"> <div class=\"blocks\"> <div class=\"block\"><\/div> <div class=\"block\"><\/div> <div class=\"block\"><\/div> <div class=\"block\"><\/div> <\/div> <\/div> <div class=\"gallery-sharing-top\"><\/div> <div id=\"photos-87\" class=\"grid-gallery-photos\"><a id=\"gg-87-410\" class=\"gg-link \" data-attachment-id=\"2290\" href=\"https:\/\/kuopranbot.si\/wp-content\/uploads\/2024\/03\/Boris-dvorec-Semedelski-grad-leta-1902.jpg?gid=87\" target=\"_self\" title=\"Semedelski dvorec -Semedelski grad leta 1902\" data-rel=\"prettyPhoto[pp_gal]\" style=\"border-radius:200;\"  rel=\"lightbox[2296]\"><FIGURE class=\"grid-gallery-caption shadow-show\" data-grid-gallery-type=\"direction-aware\" data-index=\"0\" style=\"display:none;border-radius:200; box-shadow:2px 4px 5px #000000;; margin:2.65px; height:2150; width:auto;\" ><div class=\"crop\" style=\"\"><img decoding=\"async\" src=\"https:\/\/kuopranbot.si\/wp-content\/uploads\/2024\/03\/Boris-dvorec-Semedelski-grad-leta-1902-180x215.jpg\" class=\"ggImg ggNotInitImg\" alt=\"semedelski dvorec 1902\" title=\"Semedelski dvorec -Semedelski grad leta 1902\" data-description=\"Semedelski dvorec -Semedelski grad leta 1902\" data-caption=\"Semedelski dvorec -Semedelski grad leta 1902\" data-title=\"Boris-dvorec-Semedelski grad leta 1902\" style=\" height:215px; width:auto;\" \/><\/div><FIGCAPTION class=\"\" data-alpha=\"5\" style=\"color:#ffffff; background-color:#0c0000; font-size:140; text-align:left; font-family:Default;\" ><div class=\"grid-gallery-figcaption-wrap\" style=\" vertical-align:top;\"><div class=\"gg-image-caption fitvidsignore\" style=\"font-size:140;\"><object type=\"none\/none\">Semedelski dvorec -Semedelski grad leta 1902 <\/object><\/div><\/div><\/FIGCAPTION><\/FIGURE><\/a><a id=\"gg-87-409\" class=\"gg-link \" data-attachment-id=\"2289\" href=\"https:\/\/kuopranbot.si\/wp-content\/uploads\/2024\/03\/Boris-dvorec-Dokoncan-dvorec-1938-40.jpg?gid=87\" target=\"_self\" title=\"Dokon\u010dan dvorec leta 1938-1940\" data-rel=\"prettyPhoto[pp_gal]\" style=\"border-radius:200;\"  rel=\"lightbox[2296]\"><FIGURE class=\"grid-gallery-caption shadow-show\" data-grid-gallery-type=\"direction-aware\" data-index=\"1\" style=\"display:none;border-radius:200; box-shadow:2px 4px 5px #000000;; margin:2.65px; height:2150; width:auto;\" ><div class=\"crop\" style=\"\"><img decoding=\"async\" src=\"https:\/\/kuopranbot.si\/wp-content\/uploads\/2024\/03\/Boris-dvorec-Dokoncan-dvorec-1938-40-205x215.jpg\" class=\"ggImg ggNotInitImg\" alt=\"semedelski dvorwc\" title=\"Dokon\u010dan dvorec leta 1938-1940\" data-description=\"Dokon\u010dan dvorec leta 1938-1940\" data-caption=\"Dokon\u010dan dvorec leta 1938-1940\" data-title=\"Dokon\u010dan dvorec 1938-1940\" style=\" height:215px; width:auto;\" \/><\/div><FIGCAPTION class=\"\" data-alpha=\"5\" style=\"color:#ffffff; background-color:#0c0000; font-size:140; text-align:left; font-family:Default;\" ><div class=\"grid-gallery-figcaption-wrap\" style=\" vertical-align:top;\"><div class=\"gg-image-caption fitvidsignore\" style=\"font-size:140;\"><object type=\"none\/none\">Dokon\u010dan dvorec leta 1938-1940 <\/object><\/div><\/div><\/FIGCAPTION><\/FIGURE><\/a><a id=\"gg-87-411\" class=\"gg-link \" data-attachment-id=\"2291\" href=\"https:\/\/kuopranbot.si\/wp-content\/uploads\/2024\/03\/Boris-dvorec-Dvorec-ob-koncu-19.-stoletja.jpg?gid=87\" target=\"_self\" title=\"Dvorec ob koncu 19. stoletja\" data-rel=\"prettyPhoto[pp_gal]\" style=\"border-radius:200;\"  rel=\"lightbox[2296]\"><FIGURE class=\"grid-gallery-caption shadow-show\" data-grid-gallery-type=\"direction-aware\" data-index=\"2\" style=\"display:none;border-radius:200; box-shadow:2px 4px 5px #000000;; margin:2.65px; height:2150; width:auto;\" ><div class=\"crop\" style=\"\"><img decoding=\"async\" src=\"https:\/\/kuopranbot.si\/wp-content\/uploads\/2024\/03\/Boris-dvorec-Dvorec-ob-koncu-19.-stoletja-343x215.jpg\" class=\"ggImg ggNotInitImg\" alt=\"semedelski grad\" title=\"Dvorec ob koncu 19. stoletja\" data-description=\"Dvorec ob koncu 19. stoletja\" data-caption=\"Dvorec ob koncu 19. stoletja\" data-title=\"Boris-dvorec-Dvorec ob koncu 19. stoletja\" style=\" height:215px; width:auto;\" \/><\/div><FIGCAPTION class=\"\" data-alpha=\"5\" style=\"color:#ffffff; background-color:#0c0000; font-size:140; text-align:left; font-family:Default;\" ><div class=\"grid-gallery-figcaption-wrap\" style=\" vertical-align:top;\"><div class=\"gg-image-caption fitvidsignore\" style=\"font-size:140;\"><object type=\"none\/none\">Dvorec ob koncu 19. stoletja <\/object><\/div><\/div><\/FIGCAPTION><\/FIGURE><\/a><a id=\"gg-87-412\" class=\"gg-link \" data-attachment-id=\"2292\" href=\"https:\/\/kuopranbot.si\/wp-content\/uploads\/2024\/03\/Boris-dvorec-Dvorec-med-siritvijo-leta-1936.jpg?gid=87\" target=\"_self\" title=\"Dvorec med \u0161iritvijo leta 1936\" data-rel=\"prettyPhoto[pp_gal]\" style=\"border-radius:200;\"  rel=\"lightbox[2296]\"><FIGURE class=\"grid-gallery-caption shadow-show\" data-grid-gallery-type=\"direction-aware\" data-index=\"3\" style=\"display:none;border-radius:200; box-shadow:2px 4px 5px #000000;; margin:2.65px; height:2150; width:auto;\" ><div class=\"crop\" style=\"\"><img decoding=\"async\" src=\"https:\/\/kuopranbot.si\/wp-content\/uploads\/2024\/03\/Boris-dvorec-Dvorec-med-siritvijo-leta-1936-307x215.jpg\" class=\"ggImg ggNotInitImg\" alt=\"semedelski dvorec\" title=\"Dvorec med \u0161iritvijo leta 1936\" data-description=\"Dvorec med \u0161iritvijo leta 1936\" data-caption=\"Dvorec med \u0161iritvijo leta 1936\" data-title=\"Boris-dvorec-Dvorec med \u0161iritvijo leta 1936\" style=\" height:215px; width:auto;\" \/><\/div><FIGCAPTION class=\"\" data-alpha=\"5\" style=\"color:#ffffff; background-color:#0c0000; font-size:140; text-align:left; font-family:Default;\" ><div class=\"grid-gallery-figcaption-wrap\" style=\" vertical-align:top;\"><div class=\"gg-image-caption fitvidsignore\" style=\"font-size:140;\"><object type=\"none\/none\">Dvorec med \u0161iritvijo leta 1936 <\/object><\/div><\/div><\/FIGCAPTION><\/FIGURE><\/a><a id=\"gg-87-413\" class=\"gg-link \" data-attachment-id=\"2294\" href=\"https:\/\/kuopranbot.si\/wp-content\/uploads\/2024\/03\/Boris-dvorec-zunanjost-avtor-Jaka-Ivancic.jpg?gid=87\" target=\"_self\" title=\"Semedelski dvorec danes. foto Jaka Ivan\u010di\u010d\" data-rel=\"prettyPhoto[pp_gal]\" style=\"border-radius:200;\"  rel=\"lightbox[2296]\"><FIGURE class=\"grid-gallery-caption shadow-show\" data-grid-gallery-type=\"direction-aware\" data-index=\"4\" style=\"display:none;border-radius:200; box-shadow:2px 4px 5px #000000;; margin:2.65px; height:2150; width:auto;\" ><div class=\"crop\" style=\"\"><img decoding=\"async\" src=\"https:\/\/kuopranbot.si\/wp-content\/uploads\/2024\/03\/Boris-dvorec-zunanjost-avtor-Jaka-Ivancic-323x215.jpg\" class=\"ggImg ggNotInitImg\" alt=\"semedelski dvorec danes\" title=\"Semedelski dvorec danes. foto Jaka Ivan\u010di\u010d\" data-description=\"Semedelski dvorec danes. foto Jaka Ivan\u010di\u010d\" data-caption=\"Semedelski dvorec danes. foto Jaka Ivan\u010di\u010d\" data-title=\"Boris-dvorec-zunanjost-avtor Jaka Ivan\u010di\u010d\" style=\" height:215px; width:auto;\" \/><\/div><FIGCAPTION class=\"\" data-alpha=\"5\" style=\"color:#ffffff; background-color:#0c0000; font-size:140; text-align:left; font-family:Default;\" ><div class=\"grid-gallery-figcaption-wrap\" style=\" vertical-align:top;\"><div class=\"gg-image-caption fitvidsignore\" style=\"font-size:140;\"><object type=\"none\/none\">Semedelski dvorec danes. foto Jaka Ivan\u010di\u010d <\/object><\/div><\/div><\/FIGCAPTION><\/FIGURE><\/a><a id=\"gg-87-414\" class=\"gg-link \" data-attachment-id=\"2295\" href=\"https:\/\/kuopranbot.si\/wp-content\/uploads\/2024\/03\/Boris-dvorec-Notranjost-dvorca-avtor-Jaka-Ivancic.jpg?gid=87\" target=\"_self\" title=\"Semedelski dvorec danes Notranjost dvorca. foto Jaka Ivan\u010di\u010d\" data-rel=\"prettyPhoto[pp_gal]\" style=\"border-radius:200;\"  rel=\"lightbox[2296]\"><FIGURE class=\"grid-gallery-caption shadow-show\" data-grid-gallery-type=\"direction-aware\" data-index=\"5\" style=\"display:none;border-radius:200; box-shadow:2px 4px 5px #000000;; margin:2.65px; height:2150; width:auto;\" ><div class=\"crop\" style=\"\"><img decoding=\"async\" src=\"https:\/\/kuopranbot.si\/wp-content\/uploads\/2024\/03\/Boris-dvorec-Notranjost-dvorca-avtor-Jaka-Ivancic-323x215.jpg\" class=\"ggImg ggNotInitImg\" alt=\"semedelski dvorec notranjost\" title=\"Semedelski dvorec danes Notranjost dvorca. foto Jaka Ivan\u010di\u010d\" data-description=\"Semedelski dvorec danes Notranjost dvorca. foto Jaka Ivan\u010di\u010d\" data-caption=\"Semedelski dvorec danes Notranjost dvorca. foto Jaka Ivan\u010di\u010d\" data-title=\"Boris-dvorec-Notranjost dvorca-avtor Jaka Ivan\u010di\u010d\" style=\" height:215px; width:auto;\" \/><\/div><FIGCAPTION class=\"\" data-alpha=\"5\" style=\"color:#ffffff; background-color:#0c0000; font-size:140; text-align:left; font-family:Default;\" ><div class=\"grid-gallery-figcaption-wrap\" style=\" vertical-align:top;\"><div class=\"gg-image-caption fitvidsignore\" style=\"font-size:140;\"><object type=\"none\/none\">Semedelski dvorec danes Notranjost dvorca. foto Jaka Ivan\u010di\u010d <\/object><\/div><\/div><\/FIGCAPTION><\/FIGURE><\/a> <div class=\"grid-gallery-clearfix\"><\/div> <\/div> <div class=\"gallery-sharing-bottom\"><\/div> <div class=\"grid-gallery-clearfix\"><\/div> <\/div> <!-- Gallery by Supsystic plugin1.15.17 -->\n","protected":false},"excerpt":{"rendered":"<p>Sicer se nisem spu\u0161\u010dal v definicije besed grad, dvorec ali celo ka\u0161telet kot so mu pravili pred vojno, ampak mislim da pode\u017eelski dvorec \u0161e najbolj izra\u017ea podobo in namen te zgradbe. O njem smo \u017ee pisali a mi je pri\u0161la pod roke lepa razglednica iz konca 19. stoletja, kjer ta dvorec kraljuje samoten na samem [&hellip;]<\/p>\n","protected":false},"author":3,"featured_media":2297,"comment_status":"open","ping_status":"closed","sticky":false,"template":"","format":"standard","meta":{"_monsterinsights_skip_tracking":false,"footnotes":""},"categories":[46,209],"tags":[882,881,264,885,884,103,883,8,889,886,890,147,887,888],"class_list":["post-2296","post","type-post","status-publish","format-standard","has-post-thumbnail","hentry","category-semedela","category-stavbe-spomeniki","tag-dvoorec","tag-grad","tag-gravisi","tag-hotel-mirandola","tag-ing-fonda","tag-istra","tag-kastelet","tag-koper","tag-nemec","tag-pio-gravisi","tag-podjetnik-nemec","tag-semedela","tag-troy","tag-zamarin"],"aioseo_notices":[],"aioseo_head":"\n\t\t<!-- All in One SEO 4.9.9 - aioseo.com -->\n\t<meta name=\"description\" content=\"Sicer se nisem spu\u0161\u010dal v definicije besed grad, dvorec ali celo ka\u0161telet kot so mu pravili pred vojno, ampak mislim da pode\u017eelski dvorec \u0161e najbolj izra\u017ea podobo in namen te zgradbe. O njem smo \u017ee pisali a mi je pri\u0161la pod roke lepa razglednica iz konca 19. stoletja, kjer ta dvorec kraljuje samoten na samem\" \/>\n\t<meta name=\"robots\" content=\"max-image-preview:large\" \/>\n\t<meta name=\"author\" content=\"Boris Umer\"\/>\n\t<link rel=\"canonical\" href=\"https:\/\/kuopranbot.si\/?p=2296\" \/>\n\t<meta name=\"generator\" content=\"All in One SEO (AIOSEO) 4.9.9\" \/>\n\t\t<meta property=\"og:locale\" content=\"sl_SI\" \/>\n\t\t<meta property=\"og:site_name\" content=\"Kuopr anbot - Koper neko\u010d -   utrinki minulih \u010dasov Kopra in okolice\" \/>\n\t\t<meta property=\"og:type\" content=\"article\" \/>\n\t\t<meta property=\"og:title\" content=\"Semedelski dvorec - Kuopr anbot - Koper neko\u010d\" \/>\n\t\t<meta property=\"og:description\" content=\"Sicer se nisem spu\u0161\u010dal v definicije besed grad, dvorec ali celo ka\u0161telet kot so mu pravili pred vojno, ampak mislim da pode\u017eelski dvorec \u0161e najbolj izra\u017ea podobo in namen te zgradbe. O njem smo \u017ee pisali a mi je pri\u0161la pod roke lepa razglednica iz konca 19. stoletja, kjer ta dvorec kraljuje samoten na samem\" \/>\n\t\t<meta property=\"og:url\" content=\"https:\/\/kuopranbot.si\/?p=2296\" \/>\n\t\t<meta property=\"og:image\" content=\"https:\/\/kuopranbot.si\/wp-content\/uploads\/2024\/03\/dvorec-grad-semedela_370x370.jpg\" \/>\n\t\t<meta property=\"og:image:secure_url\" content=\"https:\/\/kuopranbot.si\/wp-content\/uploads\/2024\/03\/dvorec-grad-semedela_370x370.jpg\" \/>\n\t\t<meta property=\"og:image:width\" content=\"370\" \/>\n\t\t<meta property=\"og:image:height\" content=\"370\" \/>\n\t\t<meta property=\"article:published_time\" content=\"2024-03-30T07:37:00+00:00\" \/>\n\t\t<meta property=\"article:modified_time\" content=\"2024-03-26T15:38:49+00:00\" \/>\n\t\t<meta property=\"article:publisher\" content=\"https:\/\/www.facebook.com\/groups\/kuopranbot\" \/>\n\t\t<meta name=\"twitter:card\" content=\"summary_large_image\" \/>\n\t\t<meta name=\"twitter:title\" content=\"Semedelski dvorec - Kuopr anbot - Koper neko\u010d\" \/>\n\t\t<meta name=\"twitter:description\" content=\"Sicer se nisem spu\u0161\u010dal v definicije besed grad, dvorec ali celo ka\u0161telet kot so mu pravili pred vojno, ampak mislim da pode\u017eelski dvorec \u0161e najbolj izra\u017ea podobo in namen te zgradbe. O njem smo \u017ee pisali a mi je pri\u0161la pod roke lepa razglednica iz konca 19. stoletja, kjer ta dvorec kraljuje samoten na samem\" \/>\n\t\t<meta name=\"twitter:image\" content=\"https:\/\/kuopranbot.si\/wp-content\/uploads\/2024\/03\/dvorec-grad-semedela_370x370.jpg\" \/>\n\t\t<script type=\"application\/ld+json\" class=\"aioseo-schema\">\n\t\t\t{\"@context\":\"https:\\\/\\\/schema.org\",\"@graph\":[{\"@type\":\"BlogPosting\",\"@id\":\"https:\\\/\\\/kuopranbot.si\\\/?p=2296#blogposting\",\"name\":\"Semedelski dvorec - Kuopr anbot - Koper neko\\u010d\",\"headline\":\"Semedelski dvorec\",\"author\":{\"@id\":\"https:\\\/\\\/kuopranbot.si\\\/?author=3#author\"},\"publisher\":{\"@id\":\"https:\\\/\\\/kuopranbot.si\\\/#person\"},\"image\":{\"@type\":\"ImageObject\",\"url\":\"https:\\\/\\\/kuopranbot.si\\\/wp-content\\\/uploads\\\/2024\\\/03\\\/dvorec-grad-semedela_370x370.jpg\",\"width\":370,\"height\":370,\"caption\":\"semedelski dvorec\"},\"datePublished\":\"2024-03-30T07:37:00+00:00\",\"dateModified\":\"2024-03-26T15:38:49+00:00\",\"inLanguage\":\"sl-SI\",\"mainEntityOfPage\":{\"@id\":\"https:\\\/\\\/kuopranbot.si\\\/?p=2296#webpage\"},\"isPartOf\":{\"@id\":\"https:\\\/\\\/kuopranbot.si\\\/?p=2296#webpage\"},\"articleSection\":\"Semedela, Stavbe Spomeniki, dvoorec, grad, Gravisi, hotel Mirandola, ing. Fonda, Istra, ka\\u0161telet, koper, Nemec, Pio Gravisi, podjetnik Nemec, Semedela, Troy, Zamarin\"},{\"@type\":\"BreadcrumbList\",\"@id\":\"https:\\\/\\\/kuopranbot.si\\\/?p=2296#breadcrumblist\",\"itemListElement\":[{\"@type\":\"ListItem\",\"@id\":\"https:\\\/\\\/kuopranbot.si#listItem\",\"position\":1,\"name\":\"Home\",\"item\":\"https:\\\/\\\/kuopranbot.si\",\"nextItem\":{\"@type\":\"ListItem\",\"@id\":\"https:\\\/\\\/kuopranbot.si\\\/?cat=2708#listItem\",\"name\":\"Naselja\"}},{\"@type\":\"ListItem\",\"@id\":\"https:\\\/\\\/kuopranbot.si\\\/?cat=2708#listItem\",\"position\":2,\"name\":\"Naselja\",\"item\":\"https:\\\/\\\/kuopranbot.si\\\/?cat=2708\",\"nextItem\":{\"@type\":\"ListItem\",\"@id\":\"https:\\\/\\\/kuopranbot.si\\\/?cat=46#listItem\",\"name\":\"Semedela\"},\"previousItem\":{\"@type\":\"ListItem\",\"@id\":\"https:\\\/\\\/kuopranbot.si#listItem\",\"name\":\"Home\"}},{\"@type\":\"ListItem\",\"@id\":\"https:\\\/\\\/kuopranbot.si\\\/?cat=46#listItem\",\"position\":3,\"name\":\"Semedela\",\"item\":\"https:\\\/\\\/kuopranbot.si\\\/?cat=46\",\"nextItem\":{\"@type\":\"ListItem\",\"@id\":\"https:\\\/\\\/kuopranbot.si\\\/?p=2296#listItem\",\"name\":\"Semedelski dvorec\"},\"previousItem\":{\"@type\":\"ListItem\",\"@id\":\"https:\\\/\\\/kuopranbot.si\\\/?cat=2708#listItem\",\"name\":\"Naselja\"}},{\"@type\":\"ListItem\",\"@id\":\"https:\\\/\\\/kuopranbot.si\\\/?p=2296#listItem\",\"position\":4,\"name\":\"Semedelski dvorec\",\"previousItem\":{\"@type\":\"ListItem\",\"@id\":\"https:\\\/\\\/kuopranbot.si\\\/?cat=46#listItem\",\"name\":\"Semedela\"}}]},{\"@type\":\"Person\",\"@id\":\"https:\\\/\\\/kuopranbot.si\\\/#person\",\"name\":\"Stanko Ivan\\u010di\\u010d\"},{\"@type\":\"Person\",\"@id\":\"https:\\\/\\\/kuopranbot.si\\\/?author=3#author\",\"url\":\"https:\\\/\\\/kuopranbot.si\\\/?author=3\",\"name\":\"Boris Umer\"},{\"@type\":\"WebPage\",\"@id\":\"https:\\\/\\\/kuopranbot.si\\\/?p=2296#webpage\",\"url\":\"https:\\\/\\\/kuopranbot.si\\\/?p=2296\",\"name\":\"Semedelski dvorec - Kuopr anbot - Koper neko\\u010d\",\"description\":\"Sicer se nisem spu\\u0161\\u010dal v definicije besed grad, dvorec ali celo ka\\u0161telet kot so mu pravili pred vojno, ampak mislim da pode\\u017eelski dvorec \\u0161e najbolj izra\\u017ea podobo in namen te zgradbe. O njem smo \\u017ee pisali a mi je pri\\u0161la pod roke lepa razglednica iz konca 19. stoletja, kjer ta dvorec kraljuje samoten na samem\",\"inLanguage\":\"sl-SI\",\"isPartOf\":{\"@id\":\"https:\\\/\\\/kuopranbot.si\\\/#website\"},\"breadcrumb\":{\"@id\":\"https:\\\/\\\/kuopranbot.si\\\/?p=2296#breadcrumblist\"},\"author\":{\"@id\":\"https:\\\/\\\/kuopranbot.si\\\/?author=3#author\"},\"creator\":{\"@id\":\"https:\\\/\\\/kuopranbot.si\\\/?author=3#author\"},\"image\":{\"@type\":\"ImageObject\",\"url\":\"https:\\\/\\\/kuopranbot.si\\\/wp-content\\\/uploads\\\/2024\\\/03\\\/dvorec-grad-semedela_370x370.jpg\",\"@id\":\"https:\\\/\\\/kuopranbot.si\\\/?p=2296\\\/#mainImage\",\"width\":370,\"height\":370,\"caption\":\"semedelski dvorec\"},\"primaryImageOfPage\":{\"@id\":\"https:\\\/\\\/kuopranbot.si\\\/?p=2296#mainImage\"},\"datePublished\":\"2024-03-30T07:37:00+00:00\",\"dateModified\":\"2024-03-26T15:38:49+00:00\"},{\"@type\":\"WebSite\",\"@id\":\"https:\\\/\\\/kuopranbot.si\\\/#website\",\"url\":\"https:\\\/\\\/kuopranbot.si\\\/\",\"name\":\"Kuopr anbot - Koper neko\\u010d\",\"description\":\"utrinki minulih \\u010dasov Kopra in okolice\",\"inLanguage\":\"sl-SI\",\"publisher\":{\"@id\":\"https:\\\/\\\/kuopranbot.si\\\/#person\"}}]}\n\t\t<\/script>\n\t\t<!-- All in One SEO -->\n\n","aioseo_head_json":{"title":"Semedelski dvorec - Kuopr anbot - Koper neko\u010d","description":"Sicer se nisem spu\u0161\u010dal v definicije besed grad, dvorec ali celo ka\u0161telet kot so mu pravili pred vojno, ampak mislim da pode\u017eelski dvorec \u0161e najbolj izra\u017ea podobo in namen te zgradbe. O njem smo \u017ee pisali a mi je pri\u0161la pod roke lepa razglednica iz konca 19. stoletja, kjer ta dvorec kraljuje samoten na samem","canonical_url":"https:\/\/kuopranbot.si\/?p=2296","robots":"max-image-preview:large","keywords":"","webmasterTools":{"miscellaneous":""},"schema":{"@context":"https:\/\/schema.org","@graph":[{"@type":"BlogPosting","@id":"https:\/\/kuopranbot.si\/?p=2296#blogposting","name":"Semedelski dvorec - Kuopr anbot - Koper neko\u010d","headline":"Semedelski dvorec","author":{"@id":"https:\/\/kuopranbot.si\/?author=3#author"},"publisher":{"@id":"https:\/\/kuopranbot.si\/#person"},"image":{"@type":"ImageObject","url":"https:\/\/kuopranbot.si\/wp-content\/uploads\/2024\/03\/dvorec-grad-semedela_370x370.jpg","width":370,"height":370,"caption":"semedelski dvorec"},"datePublished":"2024-03-30T07:37:00+00:00","dateModified":"2024-03-26T15:38:49+00:00","inLanguage":"sl-SI","mainEntityOfPage":{"@id":"https:\/\/kuopranbot.si\/?p=2296#webpage"},"isPartOf":{"@id":"https:\/\/kuopranbot.si\/?p=2296#webpage"},"articleSection":"Semedela, Stavbe Spomeniki, dvoorec, grad, Gravisi, hotel Mirandola, ing. Fonda, Istra, ka\u0161telet, koper, Nemec, Pio Gravisi, podjetnik Nemec, Semedela, Troy, Zamarin"},{"@type":"BreadcrumbList","@id":"https:\/\/kuopranbot.si\/?p=2296#breadcrumblist","itemListElement":[{"@type":"ListItem","@id":"https:\/\/kuopranbot.si#listItem","position":1,"name":"Home","item":"https:\/\/kuopranbot.si","nextItem":{"@type":"ListItem","@id":"https:\/\/kuopranbot.si\/?cat=2708#listItem","name":"Naselja"}},{"@type":"ListItem","@id":"https:\/\/kuopranbot.si\/?cat=2708#listItem","position":2,"name":"Naselja","item":"https:\/\/kuopranbot.si\/?cat=2708","nextItem":{"@type":"ListItem","@id":"https:\/\/kuopranbot.si\/?cat=46#listItem","name":"Semedela"},"previousItem":{"@type":"ListItem","@id":"https:\/\/kuopranbot.si#listItem","name":"Home"}},{"@type":"ListItem","@id":"https:\/\/kuopranbot.si\/?cat=46#listItem","position":3,"name":"Semedela","item":"https:\/\/kuopranbot.si\/?cat=46","nextItem":{"@type":"ListItem","@id":"https:\/\/kuopranbot.si\/?p=2296#listItem","name":"Semedelski dvorec"},"previousItem":{"@type":"ListItem","@id":"https:\/\/kuopranbot.si\/?cat=2708#listItem","name":"Naselja"}},{"@type":"ListItem","@id":"https:\/\/kuopranbot.si\/?p=2296#listItem","position":4,"name":"Semedelski dvorec","previousItem":{"@type":"ListItem","@id":"https:\/\/kuopranbot.si\/?cat=46#listItem","name":"Semedela"}}]},{"@type":"Person","@id":"https:\/\/kuopranbot.si\/#person","name":"Stanko Ivan\u010di\u010d"},{"@type":"Person","@id":"https:\/\/kuopranbot.si\/?author=3#author","url":"https:\/\/kuopranbot.si\/?author=3","name":"Boris Umer"},{"@type":"WebPage","@id":"https:\/\/kuopranbot.si\/?p=2296#webpage","url":"https:\/\/kuopranbot.si\/?p=2296","name":"Semedelski dvorec - Kuopr anbot - Koper neko\u010d","description":"Sicer se nisem spu\u0161\u010dal v definicije besed grad, dvorec ali celo ka\u0161telet kot so mu pravili pred vojno, ampak mislim da pode\u017eelski dvorec \u0161e najbolj izra\u017ea podobo in namen te zgradbe. O njem smo \u017ee pisali a mi je pri\u0161la pod roke lepa razglednica iz konca 19. stoletja, kjer ta dvorec kraljuje samoten na samem","inLanguage":"sl-SI","isPartOf":{"@id":"https:\/\/kuopranbot.si\/#website"},"breadcrumb":{"@id":"https:\/\/kuopranbot.si\/?p=2296#breadcrumblist"},"author":{"@id":"https:\/\/kuopranbot.si\/?author=3#author"},"creator":{"@id":"https:\/\/kuopranbot.si\/?author=3#author"},"image":{"@type":"ImageObject","url":"https:\/\/kuopranbot.si\/wp-content\/uploads\/2024\/03\/dvorec-grad-semedela_370x370.jpg","@id":"https:\/\/kuopranbot.si\/?p=2296\/#mainImage","width":370,"height":370,"caption":"semedelski dvorec"},"primaryImageOfPage":{"@id":"https:\/\/kuopranbot.si\/?p=2296#mainImage"},"datePublished":"2024-03-30T07:37:00+00:00","dateModified":"2024-03-26T15:38:49+00:00"},{"@type":"WebSite","@id":"https:\/\/kuopranbot.si\/#website","url":"https:\/\/kuopranbot.si\/","name":"Kuopr anbot - Koper neko\u010d","description":"utrinki minulih \u010dasov Kopra in okolice","inLanguage":"sl-SI","publisher":{"@id":"https:\/\/kuopranbot.si\/#person"}}]},"og:locale":"sl_SI","og:site_name":"Kuopr anbot - Koper neko\u010d -   utrinki minulih \u010dasov Kopra in okolice","og:type":"article","og:title":"Semedelski dvorec - Kuopr anbot - Koper neko\u010d","og:description":"Sicer se nisem spu\u0161\u010dal v definicije besed grad, dvorec ali celo ka\u0161telet kot so mu pravili pred vojno, ampak mislim da pode\u017eelski dvorec \u0161e najbolj izra\u017ea podobo in namen te zgradbe. O njem smo \u017ee pisali a mi je pri\u0161la pod roke lepa razglednica iz konca 19. stoletja, kjer ta dvorec kraljuje samoten na samem","og:url":"https:\/\/kuopranbot.si\/?p=2296","og:image":"https:\/\/kuopranbot.si\/wp-content\/uploads\/2024\/03\/dvorec-grad-semedela_370x370.jpg","og:image:secure_url":"https:\/\/kuopranbot.si\/wp-content\/uploads\/2024\/03\/dvorec-grad-semedela_370x370.jpg","og:image:width":"370","og:image:height":"370","article:published_time":"2024-03-30T07:37:00+00:00","article:modified_time":"2024-03-26T15:38:49+00:00","article:publisher":"https:\/\/www.facebook.com\/groups\/kuopranbot","twitter:card":"summary_large_image","twitter:title":"Semedelski dvorec - Kuopr anbot - Koper neko\u010d","twitter:description":"Sicer se nisem spu\u0161\u010dal v definicije besed grad, dvorec ali celo ka\u0161telet kot so mu pravili pred vojno, ampak mislim da pode\u017eelski dvorec \u0161e najbolj izra\u017ea podobo in namen te zgradbe. O njem smo \u017ee pisali a mi je pri\u0161la pod roke lepa razglednica iz konca 19. stoletja, kjer ta dvorec kraljuje samoten na samem","twitter:image":"https:\/\/kuopranbot.si\/wp-content\/uploads\/2024\/03\/dvorec-grad-semedela_370x370.jpg"},"aioseo_meta_data":{"post_id":"2296","title":null,"description":null,"keywords":[],"keyphrases":{"focus":{"keyphrase":"","score":0,"analysis":{"keyphraseInTitle":{"score":0,"maxScore":9,"error":1}}},"additional":[]},"primary_term":null,"canonical_url":null,"og_title":null,"og_description":null,"og_object_type":"default","og_image_type":"featured","og_image_url":"https:\/\/kuopranbot.si\/wp-content\/uploads\/2024\/03\/dvorec-grad-semedela_370x370.jpg","og_image_width":"370","og_image_height":"370","og_image_custom_url":null,"og_image_custom_fields":null,"og_video":"","og_custom_url":null,"og_article_section":null,"og_article_tags":[],"twitter_use_og":false,"twitter_card":"default","twitter_image_type":"default","twitter_image_url":null,"twitter_image_custom_url":null,"twitter_image_custom_fields":null,"twitter_title":null,"twitter_description":null,"schema":{"blockGraphs":[],"customGraphs":[],"default":{"data":{"Article":[],"Course":[],"Dataset":[],"FAQPage":[],"Movie":[],"Person":[],"Product":[],"ProductReview":[],"Car":[],"Recipe":[],"Service":[],"SoftwareApplication":[],"WebPage":[]},"graphName":"BlogPosting","isEnabled":true},"graphs":[]},"schema_type":"default","schema_type_options":null,"pillar_content":false,"robots_default":true,"robots_noindex":false,"robots_noarchive":false,"robots_nosnippet":false,"robots_nofollow":false,"robots_noimageindex":false,"robots_noodp":false,"robots_notranslate":false,"robots_max_snippet":"-1","robots_max_videopreview":"-1","robots_max_imagepreview":"large","priority":null,"frequency":"default","local_seo":null,"breadcrumb_settings":null,"limit_modified_date":false,"ai":null,"created":"2024-03-26 15:35:23","updated":"2025-06-08 16:11:35","seo_analyzer_scan_date":null},"aioseo_breadcrumb":"<div class=\"aioseo-breadcrumbs\"><span class=\"aioseo-breadcrumb\">\n\t\t\t<a href=\"https:\/\/kuopranbot.si\" title=\"Home\">Home<\/a>\n\t\t<\/span><span class=\"aioseo-breadcrumb-separator\">&raquo;<\/span><span class=\"aioseo-breadcrumb\">\n\t\t\t<a href=\"https:\/\/kuopranbot.si\/?cat=2708\" title=\"Naselja\">Naselja<\/a>\n\t\t<\/span><span class=\"aioseo-breadcrumb-separator\">&raquo;<\/span><span class=\"aioseo-breadcrumb\">\n\t\t\t<a href=\"https:\/\/kuopranbot.si\/?cat=46\" title=\"Semedela\">Semedela<\/a>\n\t\t<\/span><span class=\"aioseo-breadcrumb-separator\">&raquo;<\/span><span class=\"aioseo-breadcrumb\">\n\t\t\tSemedelski dvorec\n\t\t<\/span><\/div>","aioseo_breadcrumb_json":[{"label":"Home","link":"https:\/\/kuopranbot.si"},{"label":"Naselja","link":"https:\/\/kuopranbot.si\/?cat=2708"},{"label":"Semedela","link":"https:\/\/kuopranbot.si\/?cat=46"},{"label":"Semedelski dvorec","link":"https:\/\/kuopranbot.si\/?p=2296"}],"_links":{"self":[{"href":"https:\/\/kuopranbot.si\/index.php?rest_route=\/wp\/v2\/posts\/2296","targetHints":{"allow":["GET"]}}],"collection":[{"href":"https:\/\/kuopranbot.si\/index.php?rest_route=\/wp\/v2\/posts"}],"about":[{"href":"https:\/\/kuopranbot.si\/index.php?rest_route=\/wp\/v2\/types\/post"}],"author":[{"embeddable":true,"href":"https:\/\/kuopranbot.si\/index.php?rest_route=\/wp\/v2\/users\/3"}],"replies":[{"embeddable":true,"href":"https:\/\/kuopranbot.si\/index.php?rest_route=%2Fwp%2Fv2%2Fcomments&post=2296"}],"version-history":[{"count":2,"href":"https:\/\/kuopranbot.si\/index.php?rest_route=\/wp\/v2\/posts\/2296\/revisions"}],"predecessor-version":[{"id":2300,"href":"https:\/\/kuopranbot.si\/index.php?rest_route=\/wp\/v2\/posts\/2296\/revisions\/2300"}],"wp:featuredmedia":[{"embeddable":true,"href":"https:\/\/kuopranbot.si\/index.php?rest_route=\/wp\/v2\/media\/2297"}],"wp:attachment":[{"href":"https:\/\/kuopranbot.si\/index.php?rest_route=%2Fwp%2Fv2%2Fmedia&parent=2296"}],"wp:term":[{"taxonomy":"category","embeddable":true,"href":"https:\/\/kuopranbot.si\/index.php?rest_route=%2Fwp%2Fv2%2Fcategories&post=2296"},{"taxonomy":"post_tag","embeddable":true,"href":"https:\/\/kuopranbot.si\/index.php?rest_route=%2Fwp%2Fv2%2Ftags&post=2296"}],"curies":[{"name":"wp","href":"https:\/\/api.w.org\/{rel}","templated":true}]}}