{"id":10189,"date":"2026-05-01T06:26:00","date_gmt":"2026-05-01T06:26:00","guid":{"rendered":"https:\/\/kuopranbot.si\/?p=10189"},"modified":"2026-05-01T07:35:23","modified_gmt":"2026-05-01T07:35:23","slug":"1-maj-po-osvoboditvi-kopra","status":"publish","type":"post","link":"https:\/\/kuopranbot.si\/?p=10189","title":{"rendered":"1. maj po osvoboditvi Kopra"},"content":{"rendered":"\n<p>Praznik delovnih ljudi je spet naokoli. Praznika nam ni nih\u010de podaril, temve\u010d so si ga delovni ljudje trdo priborili, na kar nekako pozabljamo. Na\u0161e none, mame, nonoti in o\u010detje so pregnali fa\u0161iste in naciste iz na\u0161ih krajev in z veliko \u017ertvami zmagali v 2. Svetovni vojni. Osvoboditelje Kopra vidimo na 1. sliki, ko so se ponosno postavili na koprskem glavnem trgu, za skupinsko fotografijo, 1. maja 1945. <\/p>\n\n\n<div class=\"wp-block-image\">\n<figure class=\"aligncenter size-large\"><a href=\"https:\/\/kuopranbot.si\/wp-content\/uploads\/2026\/05\/1-maj-po-vojni-1-partizani-na-trgu-1945.jpg\" rel=\"lightbox[10189]\"><img loading=\"lazy\" decoding=\"async\" width=\"1024\" height=\"640\" src=\"https:\/\/kuopranbot.si\/wp-content\/uploads\/2026\/05\/1-maj-po-vojni-1-partizani-na-trgu-1945-1024x640.jpg\" alt=\"partizani\" class=\"wp-image-10191\" srcset=\"https:\/\/kuopranbot.si\/wp-content\/uploads\/2026\/05\/1-maj-po-vojni-1-partizani-na-trgu-1945-1024x640.jpg 1024w, https:\/\/kuopranbot.si\/wp-content\/uploads\/2026\/05\/1-maj-po-vojni-1-partizani-na-trgu-1945-300x187.jpg 300w, https:\/\/kuopranbot.si\/wp-content\/uploads\/2026\/05\/1-maj-po-vojni-1-partizani-na-trgu-1945-768x480.jpg 768w, https:\/\/kuopranbot.si\/wp-content\/uploads\/2026\/05\/1-maj-po-vojni-1-partizani-na-trgu-1945-1536x960.jpg 1536w, https:\/\/kuopranbot.si\/wp-content\/uploads\/2026\/05\/1-maj-po-vojni-1-partizani-na-trgu-1945-2048x1280.jpg 2048w\" sizes=\"auto, (max-width: 1024px) 100vw, 1024px\" \/><\/a><figcaption class=\"wp-element-caption\">Partizani osvoboditelji mesta Koper so se 1. maja 1945 postavili, na sedanjem Titovem trgu, za skupinsko sliko. Izvirna slika nekoliko izostrena in pobarvana.<\/figcaption><\/figure>\n<\/div>\n\n\n<p>Na drugi sliki na trgu nastopa mladina, ob prazniku 1. maja v \u010dasu Svobodnega Tr\u017ea\u0161kega Ozemlja (STO), ki so ga partizani sami osvobodili in so ostali zavezniki pri\u0161li v Trst \u0161ele po osvoboditvi. To moramo povedati, ker del mlaj\u0161e generacije, zaradi zavajajo\u010de medijske propagande sprejema prirejeno zgodovino, kjer so osvoboditelji Slovenije kriminalci, izdajalci in hlapci naci-fa\u0161izma in pe\u0161\u010dice bogata\u0161ev, pa heroji. Potrditvi tega smo bili pri\u010da na volitvah pred kratkim. Nenazadnje smo Slovenci izvolili stranke, ki obo\u017eujejo Trumpa, ki je pred meseci Antifa\u0161iste, uradno, umestil med teroristi\u010dne organizacije, nezasli\u0161ano. Pa naj mi nekdo ne re\u010de, da je to politika, ker so to le gola dejstva.<\/p>\n\n\n<div class=\"wp-block-image\">\n<figure class=\"aligncenter size-large\"><a href=\"https:\/\/kuopranbot.si\/wp-content\/uploads\/2026\/05\/1-maj-po-vojni-2-proslava-prvega-maja-STO-A.jpg\" rel=\"lightbox[10189]\"><img loading=\"lazy\" decoding=\"async\" width=\"1024\" height=\"807\" src=\"https:\/\/kuopranbot.si\/wp-content\/uploads\/2026\/05\/1-maj-po-vojni-2-proslava-prvega-maja-STO-A-1024x807.jpg\" alt=\"1. maj\" class=\"wp-image-10192\" srcset=\"https:\/\/kuopranbot.si\/wp-content\/uploads\/2026\/05\/1-maj-po-vojni-2-proslava-prvega-maja-STO-A-1024x807.jpg 1024w, https:\/\/kuopranbot.si\/wp-content\/uploads\/2026\/05\/1-maj-po-vojni-2-proslava-prvega-maja-STO-A-300x236.jpg 300w, https:\/\/kuopranbot.si\/wp-content\/uploads\/2026\/05\/1-maj-po-vojni-2-proslava-prvega-maja-STO-A-768x605.jpg 768w, https:\/\/kuopranbot.si\/wp-content\/uploads\/2026\/05\/1-maj-po-vojni-2-proslava-prvega-maja-STO-A-1536x1211.jpg 1536w, https:\/\/kuopranbot.si\/wp-content\/uploads\/2026\/05\/1-maj-po-vojni-2-proslava-prvega-maja-STO-A-2048x1614.jpg 2048w\" sizes=\"auto, (max-width: 1024px) 100vw, 1024px\" \/><\/a><figcaption class=\"wp-element-caption\">Proslava 1. maja v Kopru v \u010dasu STO, oziroma Svobodnega Tr\u017ea\u0161kega Ozemlja, ki so ga osvobodili partizani.<\/figcaption><\/figure>\n<\/div>\n\n\n<p>Pred leti se je praznik delovnih ljudi praznoval veliko bolj slovesno in mno\u017ei\u010dno, a z leti po\u010dasi zvodenel. Pri\u0161li so \u017eal \u010dasi, ko so, v praksi, prenehala veljat pravila, predpisi in mednarodni zakoni, velja samo \u0161e zakon mo\u010dnej\u0161ega, torej pe\u0161\u010dice najbogatej\u0161ih. Zmanj\u0161ujejo se \u010dlove\u0161ke pravice, s tem tudi pravice delavcev, ki so vse revnej\u0161i, medtem, ko je pe\u0161\u010dica bogata\u0161ev, vsak dan bolj bogata. Tak\u0161na je \u017eal gola statistika, nad \u010demer bi se ob prazniku dela morali zamisliti. Z umetno narejenimi kriznimi razmerami, vi\u0161jimi cenami energije in hrane, dobesedno vsi sofinanciramo vojne in polnimo \u017eepe milijarderjem. Moramo se zavedati, da imamo delovni ljudje skupaj neizmerno mo\u010d, da lahko ustavimo vse vojne, ker brez delavcev se vse ustavi, ne more pomagati niti AI, saj nima rok in nog.<\/p>\n\n\n<div class=\"wp-block-image\">\n<figure class=\"aligncenter size-large\"><a href=\"https:\/\/kuopranbot.si\/wp-content\/uploads\/2026\/05\/1-maj-po-vojni-3-Tukaj-je-Jugoslavija.jpg\" rel=\"lightbox[10189]\"><img loading=\"lazy\" decoding=\"async\" width=\"1024\" height=\"796\" src=\"https:\/\/kuopranbot.si\/wp-content\/uploads\/2026\/05\/1-maj-po-vojni-3-Tukaj-je-Jugoslavija-1024x796.jpg\" alt=\"slavolok\" class=\"wp-image-10193\" srcset=\"https:\/\/kuopranbot.si\/wp-content\/uploads\/2026\/05\/1-maj-po-vojni-3-Tukaj-je-Jugoslavija-1024x796.jpg 1024w, https:\/\/kuopranbot.si\/wp-content\/uploads\/2026\/05\/1-maj-po-vojni-3-Tukaj-je-Jugoslavija-300x233.jpg 300w, https:\/\/kuopranbot.si\/wp-content\/uploads\/2026\/05\/1-maj-po-vojni-3-Tukaj-je-Jugoslavija-768x597.jpg 768w, https:\/\/kuopranbot.si\/wp-content\/uploads\/2026\/05\/1-maj-po-vojni-3-Tukaj-je-Jugoslavija-1536x1194.jpg 1536w, https:\/\/kuopranbot.si\/wp-content\/uploads\/2026\/05\/1-maj-po-vojni-3-Tukaj-je-Jugoslavija-2048x1593.jpg 2048w\" sizes=\"auto, (max-width: 1024px) 100vw, 1024px\" \/><\/a><figcaption class=\"wp-element-caption\">Slavolok na Semedelski cesti pred vhodom v mesto Koper nekaj let po kon\u010dani 2. Svetovni vojni.<\/figcaption><\/figure>\n<\/div>\n\n\n<p>Jutri in pojutri\u0161njem praznujmo, kot se spodobi za tako pomemben praznik. Tudi vreme nam gre na roko te dni. Vsem \u017eelim prekrasen praznik dela 1. maj. Za konec bom uporabil besede, ki jih je zapisal istrski <a href=\"https:\/\/hr.wikipedia.org\/wiki\/Mate_Balota\" target=\"_blank\" rel=\"noopener\" title=\"\">pisatelj Mate Balota<\/a>: &#8220;Potem pa bo nabrusil vsak svoj kosir.&#8221;<\/p>\n","protected":false},"excerpt":{"rendered":"<p>Praznik delovnih ljudi je spet naokoli. Praznika nam ni nih\u010de podaril, temve\u010d so si ga delovni ljudje trdo priborili, na kar nekako pozabljamo. Na\u0161e none, mame, nonoti in o\u010detje so pregnali fa\u0161iste in naciste iz na\u0161ih krajev in z veliko \u017ertvami zmagali v 2. Svetovni vojni. Osvoboditelje Kopra vidimo na 1. sliki, ko so se [&hellip;]<\/p>\n","protected":false},"author":2,"featured_media":10190,"comment_status":"open","ping_status":"closed","sticky":false,"template":"","format":"standard","meta":{"_monsterinsights_skip_tracking":false,"_monsterinsights_sitenote_active":false,"_monsterinsights_sitenote_note":"","_monsterinsights_sitenote_category":0,"footnotes":""},"categories":[193],"tags":[1286,9,103,104,1288,8,2034,4257,452,327,4256],"class_list":["post-10189","post","type-post","status-publish","format-standard","has-post-thumbnail","hentry","category-oblastindruzba","tag-1286","tag-capodistria","tag-istra","tag-istria","tag-jugoslavija","tag-koper","tag-partizani","tag-proslava","tag-sto","tag-titov-trg","tag-trg-revolucije"],"aioseo_notices":[],"_links":{"self":[{"href":"https:\/\/kuopranbot.si\/index.php?rest_route=\/wp\/v2\/posts\/10189","targetHints":{"allow":["GET"]}}],"collection":[{"href":"https:\/\/kuopranbot.si\/index.php?rest_route=\/wp\/v2\/posts"}],"about":[{"href":"https:\/\/kuopranbot.si\/index.php?rest_route=\/wp\/v2\/types\/post"}],"author":[{"embeddable":true,"href":"https:\/\/kuopranbot.si\/index.php?rest_route=\/wp\/v2\/users\/2"}],"replies":[{"embeddable":true,"href":"https:\/\/kuopranbot.si\/index.php?rest_route=%2Fwp%2Fv2%2Fcomments&post=10189"}],"version-history":[{"count":1,"href":"https:\/\/kuopranbot.si\/index.php?rest_route=\/wp\/v2\/posts\/10189\/revisions"}],"predecessor-version":[{"id":10194,"href":"https:\/\/kuopranbot.si\/index.php?rest_route=\/wp\/v2\/posts\/10189\/revisions\/10194"}],"wp:featuredmedia":[{"embeddable":true,"href":"https:\/\/kuopranbot.si\/index.php?rest_route=\/wp\/v2\/media\/10190"}],"wp:attachment":[{"href":"https:\/\/kuopranbot.si\/index.php?rest_route=%2Fwp%2Fv2%2Fmedia&parent=10189"}],"wp:term":[{"taxonomy":"category","embeddable":true,"href":"https:\/\/kuopranbot.si\/index.php?rest_route=%2Fwp%2Fv2%2Fcategories&post=10189"},{"taxonomy":"post_tag","embeddable":true,"href":"https:\/\/kuopranbot.si\/index.php?rest_route=%2Fwp%2Fv2%2Ftags&post=10189"}],"curies":[{"name":"wp","href":"https:\/\/api.w.org\/{rel}","templated":true}]}}